{"id":1676,"date":"2020-06-05T20:42:29","date_gmt":"2020-06-05T18:42:29","guid":{"rendered":"https:\/\/burschi-lan.de\/?p=1676"},"modified":"2020-06-05T20:42:30","modified_gmt":"2020-06-05T18:42:30","slug":"20-jahre-burschis-lan","status":"publish","type":"post","link":"https:\/\/burschi-lan.de\/?p=1676","title":{"rendered":"20 Jahre bUrscHi&#8217;s LAN"},"content":{"rendered":"\n<p>Ein bisschen verr\u00fcckt ist es schon, ich h\u00e4tte anfangs nie gedacht, das es so lange anh\u00e4lt und wir uns immer noch an Pfingsten treffen. Naja, inzwischen ist es zwar nicht mehr wirklich eine LAN, allerdings eine super Mischung aus Party und Daddeln \ud83d\ude42<br>Ihr seid ein verr\u00fcckter Haufen und obwohl ich jedes Jahr nach Pfingsten ein Pflegebett ben\u00f6tige, freue ich mich dann doch immer auf&#8217;s n\u00e4chste Jahr.<br>In diesem Jahr mussten wir den Termin leider absagen \/ verschieben, aufgrund der ganzen Bestimmungen zur Pandemie, hier in Bayern. <br>Das wird uns 2021 hoffentlich nicht davon abhalten!<\/p>\n\n\n\n<p>Viele haben wir in den letzten 20 Jahren kennengelernt. Viele epische Geschichten sind &#8220;geschrieben&#8221; worden. \ud83d\ude42 <br>2021 soll unser &#8220;LAN-Klassen-Treffen&#8221; werden.<br>Ich versuche alle die in den vergangenen Jahren an der LAN teilgenommen haben zu erreichen, in der Hoffnung die Mail Adressen stimmen noch. Solltet ihr noch wen in Erinnerung haben und vielleicht sogar Kontakt, schickt den Link zu dieser Seite und n\u00f6tigt ihn zu kommen! \ud83d\ude42<br>Die Anmeldung steht ohne Einschr\u00e4nkungen offen, keine Registrierung notwendig (f\u00fcr die faulen \ud83d\ude42 ). <\/p>\n\n\n\n<p>Ich freue mich schon und hoffe viele erreichen zu k\u00f6nnen.<br>Wir sehen uns sp\u00e4testens 2021!<\/p>\n\n\n\n<p>bUrscHi<\/p>\n","protected":false},"excerpt":{"rendered":"<p>Ein bisschen verr\u00fcckt ist es schon, ich h\u00e4tte anfangs nie gedacht, das es so lange anh\u00e4lt und wir uns immer noch an Pfingsten treffen. Naja, inzwischen ist es zwar nicht mehr wirklich eine LAN, allerdings eine super Mischung aus Party und Daddeln \ud83d\ude42Ihr seid ein verr\u00fcckter Haufen und obwohl ich jedes Jahr nach Pfingsten ein &hellip; <\/p>\n<p class=\"link-more\"><a href=\"https:\/\/burschi-lan.de\/?p=1676\" class=\"more-link\"><span class=\"screen-reader-text\">\u201e20 Jahre bUrscHi&#8217;s LAN\u201c <\/span>weiterlesen<\/a><\/p>\n","protected":false},"author":1,"featured_media":0,"comment_status":"open","ping_status":"open","sticky":false,"template":"","format":"standard","meta":{"ngg_post_thumbnail":0,"footnotes":""},"categories":[1],"tags":[],"class_list":["post-1676","post","type-post","status-publish","format-standard","hentry","category-uncategorized"],"_links":{"self":[{"href":"https:\/\/burschi-lan.de\/index.php?rest_route=\/wp\/v2\/posts\/1676","targetHints":{"allow":["GET"]}}],"collection":[{"href":"https:\/\/burschi-lan.de\/index.php?rest_route=\/wp\/v2\/posts"}],"about":[{"href":"https:\/\/burschi-lan.de\/index.php?rest_route=\/wp\/v2\/types\/post"}],"author":[{"embeddable":true,"href":"https:\/\/burschi-lan.de\/index.php?rest_route=\/wp\/v2\/users\/1"}],"replies":[{"embeddable":true,"href":"https:\/\/burschi-lan.de\/index.php?rest_route=%2Fwp%2Fv2%2Fcomments&post=1676"}],"version-history":[{"count":1,"href":"https:\/\/burschi-lan.de\/index.php?rest_route=\/wp\/v2\/posts\/1676\/revisions"}],"predecessor-version":[{"id":1677,"href":"https:\/\/burschi-lan.de\/index.php?rest_route=\/wp\/v2\/posts\/1676\/revisions\/1677"}],"wp:attachment":[{"href":"https:\/\/burschi-lan.de\/index.php?rest_route=%2Fwp%2Fv2%2Fmedia&parent=1676"}],"wp:term":[{"taxonomy":"category","embeddable":true,"href":"https:\/\/burschi-lan.de\/index.php?rest_route=%2Fwp%2Fv2%2Fcategories&post=1676"},{"taxonomy":"post_tag","embeddable":true,"href":"https:\/\/burschi-lan.de\/index.php?rest_route=%2Fwp%2Fv2%2Ftags&post=1676"}],"curies":[{"name":"wp","href":"https:\/\/api.w.org\/{rel}","templated":true}]}}